{"id":48408,"date":"2026-09-04T13:29:47","date_gmt":"2026-09-04T17:29:47","guid":{"rendered":"https:\/\/cmg.ca\/fr\/?p=48408"},"modified":"2026-09-04T13:29:51","modified_gmt":"2026-09-04T17:29:51","slug":"un-petit-geste-peut-faire-une-grande-difference-la-fete-du-travail-2026","status":"publish","type":"post","link":"https:\/\/cmg.ca\/fr\/nouvelles\/un-petit-geste-peut-faire-une-grande-difference-la-fete-du-travail-2026\/","title":{"rendered":"Un petit geste peut faire une grande diff\u00e9rence : la F\u00eate du Travail 2026"},"content":{"rendered":"\n<p class=\"wp-block-paragraph\">Le monde peut sembler bien inqui\u00e9tant en ce moment. Les catastrophes climatiques, les guerres qui se poursuivent et l\u2019incertitude \u00e9conomique donnent \u00e0 beaucoup de gens l\u2019impression que les choses \u00e9chappent \u00e0 notre contr\u00f4le.<\/p>\n\n\n\n<p class=\"wp-block-paragraph\">On peut \u00eatre tent\u00e9 de faire l\u2019autruche et de d\u00e9crocher. On peut se sentir impuissant, d\u00e9courag\u00e9 et d\u00e9pass\u00e9. Devant le poids incessant des difficult\u00e9s qui nous entourent, le d\u00e9sengagement peut finir par sembler \u00eatre une fa\u00e7on de survivre.<\/p>\n\n\n\n<p class=\"wp-block-paragraph\">C\u2019est l\u00e0 que vous, en tant que membres d\u2019un syndicat, pouvez agir et faire une diff\u00e9rence.<\/p>\n\n\n\n<p class=\"wp-block-paragraph\">Les gestes individuels peuvent contribuer \u00e0 cr\u00e9er un mouvement collectif. En travaillant ensemble, nous pouvons am\u00e9liorer la vie des personnes qui nous entourent.<\/p>\n\n\n\n<p class=\"wp-block-paragraph\">Cela ne veut pas dire qu\u2019il faut mener des d\u00e9fil\u00e9s ou consacrer tout son temps libre au b\u00e9n\u00e9volat syndical.<\/p>\n\n\n\n<p class=\"wp-block-paragraph\">Cela veut dire apporter de petits changements. Lorsque vous faites des achats, privil\u00e9giez les entreprises et les services syndiqu\u00e9s. Faites entendre les voix syndicales sur les m\u00e9dias sociaux. Soutenez les autres travailleuses et travailleurs de votre communaut\u00e9. Tout simplement, soyez la lueur d\u2019espoir dans la journ\u00e9e difficile de quelqu\u2019un d\u2019autre.<\/p>\n\n\n\n<p class=\"wp-block-paragraph\">Le th\u00e8me du D\u00e9fil\u00e9 de la F\u00eate du Travail de Toronto cette ann\u00e9e est : D\u00e9fendre les travailleuses et les travailleurs partout dans le monde.<\/p>\n\n\n\n<p class=\"wp-block-paragraph\">J\u2019y serai pour marcher aux c\u00f4t\u00e9s des membres de notre syndicat, en solidarit\u00e9 avec les autres syndicats qui repr\u00e9sentent les travailleuses et les travailleurs qui font tourner notre monde.<\/p>\n\n\n\n<p class=\"wp-block-paragraph\">Je crois que les gens veulent un milieu de travail s\u00e9curitaire, stable et pr\u00e9visible. Ils veulent pouvoir b\u00e2tir une vie qui leur laisse de la place pour leurs propres int\u00e9r\u00eats et aspirations, plut\u00f4t que de simplement r\u00e9ussir \u00e0 joindre les deux bouts \u2014 ou, pire encore, de prendre du retard.<\/p>\n\n\n\n<p class=\"wp-block-paragraph\">La solidarit\u00e9 n\u2019est qu\u2019un slogan si elle est port\u00e9e uniquement par quelques personnes. Lorsqu\u2019elle devient une action collective, la solidarit\u00e9 est une force avec laquelle il faut compter.<\/p>\n\n\n\n<p class=\"wp-block-paragraph\">\u00c0 la Guilde canadienne des m\u00e9dias, nous nous battons pour notre famille syndicale. Les gains que nous obtenons dans nos milieux de travail contribuent \u00e0 am\u00e9liorer la vie de toutes les personnes qui nous entourent. Ce combat contribue \u00e9galement \u00e0 soutenir nos voisines et voisins non syndiqu\u00e9s et nos communaut\u00e9s.<\/p>\n\n\n\n<p class=\"wp-block-paragraph\">J\u2019esp\u00e8re vous voir participer aux actions syndicales, aux r\u00e9unions au bureau et aux rencontres de formation en ligne. J\u2019esp\u00e8re vous voir jouer un r\u00f4le actif en appuyant vos comit\u00e9s de n\u00e9gociation et en vous mobilisant autour des enjeux qui touchent le mouvement syndical dans votre communaut\u00e9.<\/p>\n\n\n\n<p class=\"wp-block-paragraph\">Mais surtout, j\u2019esp\u00e8re vous voir \u00eatre l\u00e0 pour vos coll\u00e8gues lorsqu\u2019ils traversent une p\u00e9riode difficile. Pour moi, c\u2019est l\u00e0 que se trouve le fondement du travail syndical. C\u2019est ainsi que nous nous tenons ensemble pour d\u00e9fendre les travailleuses et les travailleurs, partout.<\/p>\n\n\n\n<p class=\"wp-block-paragraph\">En solidarite,<br><strong>Jane Robertson<\/strong><\/p>\n\n\n\n<p class=\"wp-block-paragraph\">Pr\u00e9sidente, Guilde canadienne des m\u00e9dias<\/p>\n\n\n\n<p class=\"wp-block-paragraph\"><\/p>\n","protected":false},"excerpt":{"rendered":"<p>Le monde peut sembler bien inqui\u00e9tant en ce moment. Les catastrophes climatiques, les guerres qui se poursuivent et l\u2019incertitude \u00e9conomique [&hellip;]<\/p>\n","protected":false},"author":10,"featured_media":0,"comment_status":"closed","ping_status":"closed","sticky":false,"template":"","format":"standard","meta":{"_acf_changed":false,"site-sidebar-layout":"default","site-content-layout":"","ast-site-content-layout":"default","site-content-style":"default","site-sidebar-style":"default","ast-global-header-display":"","ast-banner-title-visibility":"","ast-main-header-display":"","ast-hfb-above-header-display":"","ast-hfb-below-header-display":"","ast-hfb-mobile-header-display":"","site-post-title":"","ast-breadcrumbs-content":"","ast-featured-img":"","footer-sml-layout":"","ast-disable-related-posts":"","theme-transparent-header-meta":"","adv-header-id-meta":"","stick-header-meta":"","header-above-stick-meta":"","header-main-stick-meta":"","header-below-stick-meta":"","astra-migrate-meta-layouts":"set","ast-page-background-enabled":"default","ast-page-background-meta":{"desktop":{"background-color":"var(--ast-global-color-4)","background-image":"","background-repeat":"repeat","background-position":"center center","background-size":"auto","background-attachment":"scroll","background-type":"","background-media":"","overlay-type":"","overlay-color":"","overlay-opacity":"","overlay-gradient":""},"tablet":{"background-color":"","background-image":"","background-repeat":"repeat","background-position":"center center","background-size":"auto","background-attachment":"scroll","background-type":"","background-media":"","overlay-type":"","overlay-color":"","overlay-opacity":"","overlay-gradient":""},"mobile":{"background-color":"","background-image":"","background-repeat":"repeat","background-position":"center center","background-size":"auto","background-attachment":"scroll","background-type":"","background-media":"","overlay-type":"","overlay-color":"","overlay-opacity":"","overlay-gradient":""}},"ast-content-background-meta":{"desktop":{"background-color":"var(--ast-global-color-5)","background-image":"","background-repeat":"repeat","background-position":"center center","background-size":"auto","background-attachment":"scroll","background-type":"","background-media":"","overlay-type":"","overlay-color":"","overlay-opacity":"","overlay-gradient":""},"tablet":{"background-color":"var(--ast-global-color-5)","background-image":"","background-repeat":"repeat","background-position":"center center","background-size":"auto","background-attachment":"scroll","background-type":"","background-media":"","overlay-type":"","overlay-color":"","overlay-opacity":"","overlay-gradient":""},"mobile":{"background-color":"var(--ast-global-color-5)","background-image":"","background-repeat":"repeat","background-position":"center center","background-size":"auto","background-attachment":"scroll","background-type":"","background-media":"","overlay-type":"","overlay-color":"","overlay-opacity":"","overlay-gradient":""}},"ngg_post_thumbnail":0,"_EventAllDay":false,"_EventTimezone":"","_EventStartDate":"","_EventEndDate":"","_EventStartDateUTC":"","_EventEndDateUTC":"","_EventShowMap":false,"_EventShowMapLink":false,"_EventURL":"","_EventCost":"","_EventCostDescription":"","_EventCurrencySymbol":"","_EventCurrencyCode":"","_EventCurrencyPosition":"","_EventDateTimeSeparator":"","_EventTimeRangeSeparator":"","_EventOrganizerID":[],"_EventVenueID":[],"_OrganizerEmail":"","_OrganizerPhone":"","_OrganizerWebsite":"","_VenueAddress":"","_VenueCity":"","_VenueCountry":"","_VenueProvince":"","_VenueState":"","_VenueZip":"","_VenuePhone":"","_VenueURL":"","_VenueStateProvince":"","_VenueLat":"","_VenueLng":"","_VenueShowMap":false,"_VenueShowMapLink":false,"footnotes":""},"categories":[1],"tags":[],"workplace":[244],"class_list":["post-48408","post","type-post","status-publish","format-standard","hentry","category-nouvelles","workplace-gcm"],"acf":[],"yoast_head":"<!-- This site is optimized with the Yoast SEO plugin v28.4 - https:\/\/yoast.com\/product\/yoast-seo-wordpress\/ -->\n<title>Un petit geste peut faire une grande diff\u00e9rence : la F\u00eate du Travail 2026 - Guilde canadienne des m\u00e9dias<\/title>\n<meta name=\"robots\" content=\"index, follow, max-snippet:-1, max-image-preview:large, max-video-preview:-1\" \/>\n<link rel=\"canonical\" href=\"https:\/\/cmg.ca\/fr\/nouvelles\/un-petit-geste-peut-faire-une-grande-difference-la-fete-du-travail-2026\/\" \/>\n<meta property=\"og:locale\" content=\"fr_CA\" \/>\n<meta property=\"og:type\" content=\"article\" \/>\n<meta property=\"og:title\" content=\"Un petit geste peut faire une grande diff\u00e9rence : la F\u00eate du Travail 2026 - Guilde canadienne des m\u00e9dias\" \/>\n<meta property=\"og:description\" content=\"Le monde peut sembler bien inqui\u00e9tant en ce moment. Les catastrophes climatiques, les guerres qui se poursuivent et l\u2019incertitude \u00e9conomique [&hellip;]\" \/>\n<meta property=\"og:url\" content=\"https:\/\/cmg.ca\/fr\/nouvelles\/un-petit-geste-peut-faire-une-grande-difference-la-fete-du-travail-2026\/\" \/>\n<meta property=\"og:site_name\" content=\"Guilde canadienne des m\u00e9dias\" \/>\n<meta property=\"article:published_time\" content=\"2026-09-04T17:29:47+00:00\" \/>\n<meta property=\"article:modified_time\" content=\"2026-09-04T17:29:51+00:00\" \/>\n<meta name=\"author\" content=\"CMG\" \/>\n<meta name=\"twitter:card\" content=\"summary_large_image\" \/>\n<meta name=\"twitter:label1\" content=\"\u00c9crit par\" \/>\n\t<meta name=\"twitter:data1\" content=\"CMG\" \/>\n\t<meta name=\"twitter:label2\" content=\"Estimation du temps de lecture\" \/>\n\t<meta name=\"twitter:data2\" content=\"3 minutes\" \/>\n<script type=\"application\/ld+json\" class=\"yoast-schema-graph\">{\"@context\":\"https:\\\/\\\/schema.org\",\"@graph\":[{\"@type\":\"Article\",\"@id\":\"https:\\\/\\\/cmg.ca\\\/fr\\\/nouvelles\\\/un-petit-geste-peut-faire-une-grande-difference-la-fete-du-travail-2026\\\/#article\",\"isPartOf\":{\"@id\":\"https:\\\/\\\/cmg.ca\\\/fr\\\/nouvelles\\\/un-petit-geste-peut-faire-une-grande-difference-la-fete-du-travail-2026\\\/\"},\"author\":{\"name\":\"CMG\",\"@id\":\"https:\\\/\\\/cmg.ca\\\/fr\\\/#\\\/schema\\\/person\\\/1cf9077d4e768cdc4b908b229b6a5503\"},\"headline\":\"Un petit geste peut faire une grande diff\u00e9rence : la F\u00eate du Travail 2026\",\"datePublished\":\"2026-09-04T17:29:47+00:00\",\"dateModified\":\"2026-09-04T17:29:51+00:00\",\"mainEntityOfPage\":{\"@id\":\"https:\\\/\\\/cmg.ca\\\/fr\\\/nouvelles\\\/un-petit-geste-peut-faire-une-grande-difference-la-fete-du-travail-2026\\\/\"},\"wordCount\":533,\"publisher\":{\"@id\":\"https:\\\/\\\/cmg.ca\\\/fr\\\/#organization\"},\"articleSection\":[\"Nouvelles\"],\"inLanguage\":\"fr-CA\"},{\"@type\":\"WebPage\",\"@id\":\"https:\\\/\\\/cmg.ca\\\/fr\\\/nouvelles\\\/un-petit-geste-peut-faire-une-grande-difference-la-fete-du-travail-2026\\\/\",\"url\":\"https:\\\/\\\/cmg.ca\\\/fr\\\/nouvelles\\\/un-petit-geste-peut-faire-une-grande-difference-la-fete-du-travail-2026\\\/\",\"name\":\"Un petit geste peut faire une grande diff\u00e9rence : la F\u00eate du Travail 2026 - Guilde canadienne des m\u00e9dias\",\"isPartOf\":{\"@id\":\"https:\\\/\\\/cmg.ca\\\/fr\\\/#website\"},\"datePublished\":\"2026-09-04T17:29:47+00:00\",\"dateModified\":\"2026-09-04T17:29:51+00:00\",\"breadcrumb\":{\"@id\":\"https:\\\/\\\/cmg.ca\\\/fr\\\/nouvelles\\\/un-petit-geste-peut-faire-une-grande-difference-la-fete-du-travail-2026\\\/#breadcrumb\"},\"inLanguage\":\"fr-CA\",\"potentialAction\":[{\"@type\":\"ReadAction\",\"target\":[\"https:\\\/\\\/cmg.ca\\\/fr\\\/nouvelles\\\/un-petit-geste-peut-faire-une-grande-difference-la-fete-du-travail-2026\\\/\"]}]},{\"@type\":\"BreadcrumbList\",\"@id\":\"https:\\\/\\\/cmg.ca\\\/fr\\\/nouvelles\\\/un-petit-geste-peut-faire-une-grande-difference-la-fete-du-travail-2026\\\/#breadcrumb\",\"itemListElement\":[{\"@type\":\"ListItem\",\"position\":1,\"name\":\"Accueil\",\"item\":\"https:\\\/\\\/cmg.ca\\\/fr\\\/\"},{\"@type\":\"ListItem\",\"position\":2,\"name\":\"Guilde canadienne des m\u00e9dias\",\"item\":\"https:\\\/\\\/cmg.ca\\\/fr\\\/lieux-de-travail\\\/gcm\\\/\"},{\"@type\":\"ListItem\",\"position\":3,\"name\":\"Un petit geste peut faire une grande diff\u00e9rence : la F\u00eate du Travail 2026\"}]},{\"@type\":\"WebSite\",\"@id\":\"https:\\\/\\\/cmg.ca\\\/fr\\\/#website\",\"url\":\"https:\\\/\\\/cmg.ca\\\/fr\\\/\",\"name\":\"Guilde canadienne des m\u00e9dias\",\"description\":\"Plus forts ensemble\",\"publisher\":{\"@id\":\"https:\\\/\\\/cmg.ca\\\/fr\\\/#organization\"},\"potentialAction\":[{\"@type\":\"SearchAction\",\"target\":{\"@type\":\"EntryPoint\",\"urlTemplate\":\"https:\\\/\\\/cmg.ca\\\/fr\\\/?s={search_term_string}\"},\"query-input\":{\"@type\":\"PropertyValueSpecification\",\"valueRequired\":true,\"valueName\":\"search_term_string\"}}],\"inLanguage\":\"fr-CA\"},{\"@type\":\"Organization\",\"@id\":\"https:\\\/\\\/cmg.ca\\\/fr\\\/#organization\",\"name\":\"Guilde canadienne des m\u00e9dias\",\"url\":\"https:\\\/\\\/cmg.ca\\\/fr\\\/\",\"logo\":{\"@type\":\"ImageObject\",\"inLanguage\":\"fr-CA\",\"@id\":\"https:\\\/\\\/cmg.ca\\\/fr\\\/#\\\/schema\\\/logo\\\/image\\\/\",\"url\":\"https:\\\/\\\/files.cmg.ca\\\/site\\\/uploads\\\/sites\\\/2\\\/2023\\\/05\\\/cmg_logo.png\",\"contentUrl\":\"https:\\\/\\\/files.cmg.ca\\\/site\\\/uploads\\\/sites\\\/2\\\/2023\\\/05\\\/cmg_logo.png\",\"width\":389,\"height\":277,\"caption\":\"Guilde canadienne des m\u00e9dias\"},\"image\":{\"@id\":\"https:\\\/\\\/cmg.ca\\\/fr\\\/#\\\/schema\\\/logo\\\/image\\\/\"}},{\"@type\":\"Person\",\"@id\":\"https:\\\/\\\/cmg.ca\\\/fr\\\/#\\\/schema\\\/person\\\/1cf9077d4e768cdc4b908b229b6a5503\",\"name\":\"CMG\"}]}<\/script>\n<!-- \/ Yoast SEO plugin. -->","yoast_head_json":{"title":"Un petit geste peut faire une grande diff\u00e9rence : la F\u00eate du Travail 2026 - Guilde canadienne des m\u00e9dias","robots":{"index":"index","follow":"follow","max-snippet":"max-snippet:-1","max-image-preview":"max-image-preview:large","max-video-preview":"max-video-preview:-1"},"canonical":"https:\/\/cmg.ca\/fr\/nouvelles\/un-petit-geste-peut-faire-une-grande-difference-la-fete-du-travail-2026\/","og_locale":"fr_CA","og_type":"article","og_title":"Un petit geste peut faire une grande diff\u00e9rence : la F\u00eate du Travail 2026 - Guilde canadienne des m\u00e9dias","og_description":"Le monde peut sembler bien inqui\u00e9tant en ce moment. Les catastrophes climatiques, les guerres qui se poursuivent et l\u2019incertitude \u00e9conomique [&hellip;]","og_url":"https:\/\/cmg.ca\/fr\/nouvelles\/un-petit-geste-peut-faire-une-grande-difference-la-fete-du-travail-2026\/","og_site_name":"Guilde canadienne des m\u00e9dias","article_published_time":"2026-09-04T17:29:47+00:00","article_modified_time":"2026-09-04T17:29:51+00:00","author":"CMG","twitter_card":"summary_large_image","twitter_misc":{"\u00c9crit par":"CMG","Estimation du temps de lecture":"3 minutes"},"schema":{"@context":"https:\/\/schema.org","@graph":[{"@type":"Article","@id":"https:\/\/cmg.ca\/fr\/nouvelles\/un-petit-geste-peut-faire-une-grande-difference-la-fete-du-travail-2026\/#article","isPartOf":{"@id":"https:\/\/cmg.ca\/fr\/nouvelles\/un-petit-geste-peut-faire-une-grande-difference-la-fete-du-travail-2026\/"},"author":{"name":"CMG","@id":"https:\/\/cmg.ca\/fr\/#\/schema\/person\/1cf9077d4e768cdc4b908b229b6a5503"},"headline":"Un petit geste peut faire une grande diff\u00e9rence : la F\u00eate du Travail 2026","datePublished":"2026-09-04T17:29:47+00:00","dateModified":"2026-09-04T17:29:51+00:00","mainEntityOfPage":{"@id":"https:\/\/cmg.ca\/fr\/nouvelles\/un-petit-geste-peut-faire-une-grande-difference-la-fete-du-travail-2026\/"},"wordCount":533,"publisher":{"@id":"https:\/\/cmg.ca\/fr\/#organization"},"articleSection":["Nouvelles"],"inLanguage":"fr-CA"},{"@type":"WebPage","@id":"https:\/\/cmg.ca\/fr\/nouvelles\/un-petit-geste-peut-faire-une-grande-difference-la-fete-du-travail-2026\/","url":"https:\/\/cmg.ca\/fr\/nouvelles\/un-petit-geste-peut-faire-une-grande-difference-la-fete-du-travail-2026\/","name":"Un petit geste peut faire une grande diff\u00e9rence : la F\u00eate du Travail 2026 - Guilde canadienne des m\u00e9dias","isPartOf":{"@id":"https:\/\/cmg.ca\/fr\/#website"},"datePublished":"2026-09-04T17:29:47+00:00","dateModified":"2026-09-04T17:29:51+00:00","breadcrumb":{"@id":"https:\/\/cmg.ca\/fr\/nouvelles\/un-petit-geste-peut-faire-une-grande-difference-la-fete-du-travail-2026\/#breadcrumb"},"inLanguage":"fr-CA","potentialAction":[{"@type":"ReadAction","target":["https:\/\/cmg.ca\/fr\/nouvelles\/un-petit-geste-peut-faire-une-grande-difference-la-fete-du-travail-2026\/"]}]},{"@type":"BreadcrumbList","@id":"https:\/\/cmg.ca\/fr\/nouvelles\/un-petit-geste-peut-faire-une-grande-difference-la-fete-du-travail-2026\/#breadcrumb","itemListElement":[{"@type":"ListItem","position":1,"name":"Accueil","item":"https:\/\/cmg.ca\/fr\/"},{"@type":"ListItem","position":2,"name":"Guilde canadienne des m\u00e9dias","item":"https:\/\/cmg.ca\/fr\/lieux-de-travail\/gcm\/"},{"@type":"ListItem","position":3,"name":"Un petit geste peut faire une grande diff\u00e9rence : la F\u00eate du Travail 2026"}]},{"@type":"WebSite","@id":"https:\/\/cmg.ca\/fr\/#website","url":"https:\/\/cmg.ca\/fr\/","name":"Guilde canadienne des m\u00e9dias","description":"Plus forts ensemble","publisher":{"@id":"https:\/\/cmg.ca\/fr\/#organization"},"potentialAction":[{"@type":"SearchAction","target":{"@type":"EntryPoint","urlTemplate":"https:\/\/cmg.ca\/fr\/?s={search_term_string}"},"query-input":{"@type":"PropertyValueSpecification","valueRequired":true,"valueName":"search_term_string"}}],"inLanguage":"fr-CA"},{"@type":"Organization","@id":"https:\/\/cmg.ca\/fr\/#organization","name":"Guilde canadienne des m\u00e9dias","url":"https:\/\/cmg.ca\/fr\/","logo":{"@type":"ImageObject","inLanguage":"fr-CA","@id":"https:\/\/cmg.ca\/fr\/#\/schema\/logo\/image\/","url":"https:\/\/files.cmg.ca\/site\/uploads\/sites\/2\/2023\/05\/cmg_logo.png","contentUrl":"https:\/\/files.cmg.ca\/site\/uploads\/sites\/2\/2023\/05\/cmg_logo.png","width":389,"height":277,"caption":"Guilde canadienne des m\u00e9dias"},"image":{"@id":"https:\/\/cmg.ca\/fr\/#\/schema\/logo\/image\/"}},{"@type":"Person","@id":"https:\/\/cmg.ca\/fr\/#\/schema\/person\/1cf9077d4e768cdc4b908b229b6a5503","name":"CMG"}]}},"_links":{"self":[{"href":"https:\/\/cmg.ca\/fr\/wp-json\/wp\/v2\/posts\/48408","targetHints":{"allow":["GET"]}}],"collection":[{"href":"https:\/\/cmg.ca\/fr\/wp-json\/wp\/v2\/posts"}],"about":[{"href":"https:\/\/cmg.ca\/fr\/wp-json\/wp\/v2\/types\/post"}],"author":[{"embeddable":true,"href":"https:\/\/cmg.ca\/fr\/wp-json\/wp\/v2\/users\/10"}],"replies":[{"embeddable":true,"href":"https:\/\/cmg.ca\/fr\/wp-json\/wp\/v2\/comments?post=48408"}],"version-history":[{"count":1,"href":"https:\/\/cmg.ca\/fr\/wp-json\/wp\/v2\/posts\/48408\/revisions"}],"predecessor-version":[{"id":48409,"href":"https:\/\/cmg.ca\/fr\/wp-json\/wp\/v2\/posts\/48408\/revisions\/48409"}],"wp:attachment":[{"href":"https:\/\/cmg.ca\/fr\/wp-json\/wp\/v2\/media?parent=48408"}],"wp:term":[{"taxonomy":"category","embeddable":true,"href":"https:\/\/cmg.ca\/fr\/wp-json\/wp\/v2\/categories?post=48408"},{"taxonomy":"post_tag","embeddable":true,"href":"https:\/\/cmg.ca\/fr\/wp-json\/wp\/v2\/tags?post=48408"},{"taxonomy":"workplace","embeddable":true,"href":"https:\/\/cmg.ca\/fr\/wp-json\/wp\/v2\/workplace?post=48408"}],"curies":[{"name":"wp","href":"https:\/\/api.w.org\/{rel}","templated":true}]}}